{"id":907,"date":"2013-04-18T21:02:10","date_gmt":"2013-04-18T19:02:10","guid":{"rendered":"http:\/\/www.bavarian-pathfinders.de\/?p=907"},"modified":"2013-04-18T21:02:10","modified_gmt":"2013-04-18T19:02:10","slug":"vorstartparty-zur-aor-2013","status":"publish","type":"post","link":"http:\/\/www.bavarian-pathfinders.de\/?p=907","title":{"rendered":"Vorstartparty zur AOR 2013"},"content":{"rendered":"<p><a href=\"http:\/\/www.bavarian-pathfinders.de\/wp-content\/uploads\/2013\/04\/Plakat_Party_A3_web.jpg\"><img loading=\"lazy\" decoding=\"async\" class=\"alignright size-medium wp-image-908\" alt=\"Plakat_Party_A3_web\" src=\"http:\/\/www.bavarian-pathfinders.de\/wp-content\/uploads\/2013\/04\/Plakat_Party_A3_web-212x300.jpg\" width=\"212\" height=\"300\" srcset=\"http:\/\/www.bavarian-pathfinders.de\/wp-content\/uploads\/2013\/04\/Plakat_Party_A3_web-212x300.jpg 212w, http:\/\/www.bavarian-pathfinders.de\/wp-content\/uploads\/2013\/04\/Plakat_Party_A3_web-106x150.jpg 106w, http:\/\/www.bavarian-pathfinders.de\/wp-content\/uploads\/2013\/04\/Plakat_Party_A3_web-725x1024.jpg 725w, http:\/\/www.bavarian-pathfinders.de\/wp-content\/uploads\/2013\/04\/Plakat_Party_A3_web.jpg 800w\" sizes=\"(max-width: 212px) 100vw, 212px\" \/><\/a>Kommenden Samstag k\u00f6nnt ihr vor dem Start nochmal richtig mit uns feiern!<\/p>\n<p>Im Anschluss an die Vorabendmesse werden unsere Rallye-Fahrzeuge vor der Kirche in Megesheim geweiht. Danach gehts direkt &#8222;rauf&#8220; zum Motorradkeller Megesheim zur Vorstartparty!<\/p>\n<p>Bgm. Karl Kolb wird uns den Baum f\u00fcr die Rallye offiziell \u00fcbergeben (wird im AOR Park in Istanbul dann gepflanzt)! Alle drei Autos sind vor Ort und nat\u00fcrlich k\u00f6nnt Ihr auch mit uns das ein oder andere Schw\u00e4tzchen halten, oder auch nur auf eine gute Fahrt ansto\u00dfen \ud83d\ude09<\/p>\n<p>Wir freuen uns auf euch!<\/p>\n<p>Anfahrt unter:<br \/>\n<a href=\"http:\/\/www.facebook.com\/l.php?u=http%3A%2F%2Fwww.mf-megesheim.de&amp;h=YAQHfxxe-&amp;s=1\" target=\"_blank\" rel=\"nofollow nofollow\">www.mf-megesheim.de<\/a><\/p>\n<p>Programm:<\/p>\n<p>19:00 Uhr &#8211; Vorabendmesse in der Kirche Megesheim<br \/>\nca. 19:45 Uhr &#8211; Fahrzeugsegnung der Rallye-Fahrzeuge vor der Kirche<br \/>\nab 20:00 Uhr &#8211; Beginn der Vorstartparty am Motorradkeller<br \/>\n&#8211; kurze Begr\u00fc\u00dfung<br \/>\n&#8211; \u00dcbergabe des Team-Baumes durch Bgm. Karl Kolb<br \/>\n&#8211; gem\u00fctliches Beisammensein bei Speis und Trank<\/p>\n","protected":false},"excerpt":{"rendered":"<p>Kommenden Samstag k\u00f6nnt ihr vor dem Start nochmal richtig mit uns feiern! Im Anschluss an die Vorabendmesse werden unsere Rallye-Fahrzeuge vor der Kirche in Megesheim geweiht. Danach gehts direkt &#8222;rauf&#8220; zum Motorradkeller Megesheim zur Vorstartparty! Bgm. Karl Kolb wird uns den Baum f\u00fcr die Rallye offiziell \u00fcbergeben (wird im AOR Park in Istanbul dann gepflanzt)!<a class=\"read-more \" href=\"http:\/\/www.bavarian-pathfinders.de\/?p=907\" title=\"Read More\"> <span class=\"button default\">Read More<\/span><\/a><\/p>\n","protected":false},"author":1,"featured_media":0,"comment_status":"open","ping_status":"open","sticky":false,"template":"","format":"standard","meta":{"jetpack_post_was_ever_published":false,"_jetpack_newsletter_access":"","_jetpack_newsletter_tier_id":0,"footnotes":"","jetpack_publicize_message":"","jetpack_is_tweetstorm":false,"jetpack_publicize_feature_enabled":true,"jetpack_social_post_already_shared":true,"jetpack_social_options":{"image_generator_settings":{"template":"highway","enabled":false}}},"categories":[6],"tags":[],"jetpack_publicize_connections":[],"jetpack_featured_media_url":"","jetpack_sharing_enabled":true,"jetpack_shortlink":"https:\/\/wp.me\/p33xOy-eD","_links":{"self":[{"href":"http:\/\/www.bavarian-pathfinders.de\/index.php?rest_route=\/wp\/v2\/posts\/907"}],"collection":[{"href":"http:\/\/www.bavarian-pathfinders.de\/index.php?rest_route=\/wp\/v2\/posts"}],"about":[{"href":"http:\/\/www.bavarian-pathfinders.de\/index.php?rest_route=\/wp\/v2\/types\/post"}],"author":[{"embeddable":true,"href":"http:\/\/www.bavarian-pathfinders.de\/index.php?rest_route=\/wp\/v2\/users\/1"}],"replies":[{"embeddable":true,"href":"http:\/\/www.bavarian-pathfinders.de\/index.php?rest_route=%2Fwp%2Fv2%2Fcomments&post=907"}],"version-history":[{"count":3,"href":"http:\/\/www.bavarian-pathfinders.de\/index.php?rest_route=\/wp\/v2\/posts\/907\/revisions"}],"predecessor-version":[{"id":911,"href":"http:\/\/www.bavarian-pathfinders.de\/index.php?rest_route=\/wp\/v2\/posts\/907\/revisions\/911"}],"wp:attachment":[{"href":"http:\/\/www.bavarian-pathfinders.de\/index.php?rest_route=%2Fwp%2Fv2%2Fmedia&parent=907"}],"wp:term":[{"taxonomy":"category","embeddable":true,"href":"http:\/\/www.bavarian-pathfinders.de\/index.php?rest_route=%2Fwp%2Fv2%2Fcategories&post=907"},{"taxonomy":"post_tag","embeddable":true,"href":"http:\/\/www.bavarian-pathfinders.de\/index.php?rest_route=%2Fwp%2Fv2%2Ftags&post=907"}],"curies":[{"name":"wp","href":"https:\/\/api.w.org\/{rel}","templated":true}]}}