{"id":802,"date":"2013-03-19T10:37:30","date_gmt":"2013-03-19T08:37:30","guid":{"rendered":"http:\/\/www.bavarian-pathfinders.de\/?p=802"},"modified":"2013-03-19T10:45:52","modified_gmt":"2013-03-19T08:45:52","slug":"edmunds-groser-tag","status":"publish","type":"post","link":"http:\/\/www.bavarian-pathfinders.de\/?p=802","title":{"rendered":"Edmund&#8217;s gro\u00dfer Tag"},"content":{"rendered":"<p>Unser &#8222;Jungspund&#8220; Edmund hatte heute seinen gro\u00dfen Tag, er hat nun auch etwas zu Rudolf und Alfred aufgeschlossen&#8230; Auf seinem Kilometerz\u00e4hler steht jetzt ebenfalls die 2 ganz vorne!<\/p>\n<p>Ein solches Jubil\u00e4um geh\u00f6rt nat\u00fcrlich gefeiert und auch der Jubilar g\u00f6nnt sich an seinem Ehrentag ein Schl\u00fcckchen, aber seht selbst:<\/p>\n\t\t\t\t\t\t<div class=\"gallery_box_single\">\n\t\t\t\t\t\t\t\t\t\t\t\t\t\t\t<div class=\"gallery gllr_grid\" data-gllr-columns=\"3\" data-gllr-border-width=\"10\">\n\t\t\t\t\t\t\t\t\t\t\t\t\t\t\t\t\t\t\t\t<div class=\"gllr_image_row\">\n\t\t\t\t\t\t\t\t\t\t\t\t\t\t\t\t\t\t\t\t\t<div class=\"gllr_image_block\">\n\t\t\t\t\t\t\t\t\t\t\t\t<p style=\"\n\t\t\t\t\t\t\t\t\t\t\t\twidth:180px;height:140px;\t\t\t\t\t\t\t\t\t\t\t\t\">\n\t\t\t\t\t\t\t\t\t\t\t\t\t\t\t\t\t\t\t\t\t\t\t\t\t\t\t\t<a data-fancybox=\"gallery_fancybox_797\" href=\"http:\/\/www.bavarian-pathfinders.de\/wp-content\/uploads\/2013\/03\/Edmund_199999km-1024x576.jpg\" title=\"Kurz vor seinem Jubil\u00e4um\" >\n\t\t\t\t\t\t\t\t\t\t\t\t\t\t\t\t<img decoding=\"async\" width=&quot;160&quot; height=&quot;120&quot; style=\"width:160px; height:120px; border-width: 10px; border-color:#f1f1f1;border: 10px solid #f1f1f1\" alt=\"\" title=\"Kurz vor seinem Jubil\u00e4um\" src=\"http:\/\/www.bavarian-pathfinders.de\/wp-content\/uploads\/2013\/03\/Edmund_199999km-160x120.jpg\" rel=\"http:\/\/www.bavarian-pathfinders.de\/wp-content\/uploads\/2013\/03\/Edmund_199999km.JPG\" \/>\t\t\t\t\t\t\t\t\t\t\t\t\t\t\t<\/a>\n\t\t\t\t\t\t\t\t\t\t\t\t\t\t\t\t\t\t\t\t\t\t\t\t\t\t<\/p>\n\t\t\t\t\t\t\t\t\t\t\t\t\t\t\t\t\t\t\t\t\t\t\t\t\t<div \n\t\t\t\t\t\t\t\t\t\t\t\t\tstyle=\"width:180px;\"\t\t\t\t\t\t\t\t\t\t\t\t\tclass=\"gllr_single_image_text gllr_single_image_text_under\">Kurz vor seinem Jubil\u00e4um&nbsp;<\/div>\n\t\t\t\t\t\t\t\t\t\t\t\t\t\t\t\t\t\t\t\t\t\t\t<\/div><!-- .gllr_image_block -->\n\t\t\t\t\t\t\t\t\t\t\t\t\t\t\t\t\t\t\t\t\t<div class=\"gllr_image_block\">\n\t\t\t\t\t\t\t\t\t\t\t\t<p style=\"\n\t\t\t\t\t\t\t\t\t\t\t\twidth:180px;height:140px;\t\t\t\t\t\t\t\t\t\t\t\t\">\n\t\t\t\t\t\t\t\t\t\t\t\t\t\t\t\t\t\t\t\t\t\t\t\t\t\t\t\t<a data-fancybox=\"gallery_fancybox_797\" href=\"http:\/\/www.bavarian-pathfinders.de\/wp-content\/uploads\/2013\/03\/Edmund_200000km-1024x576.jpg\" title=\"Und hier hat er&#039;s vollst\u00e4ndig erreicht, stolze 200.000 km!\" >\n\t\t\t\t\t\t\t\t\t\t\t\t\t\t\t\t<img decoding=\"async\" width=&quot;160&quot; height=&quot;120&quot; style=\"width:160px; height:120px; border-width: 10px; border-color:#f1f1f1;border: 10px solid #f1f1f1\" alt=\"\" title=\"Und hier hat er&#039;s vollst\u00e4ndig erreicht, stolze 200.000 km!\" src=\"http:\/\/www.bavarian-pathfinders.de\/wp-content\/uploads\/2013\/03\/Edmund_200000km-160x120.jpg\" rel=\"http:\/\/www.bavarian-pathfinders.de\/wp-content\/uploads\/2013\/03\/Edmund_200000km.JPG\" \/>\t\t\t\t\t\t\t\t\t\t\t\t\t\t\t<\/a>\n\t\t\t\t\t\t\t\t\t\t\t\t\t\t\t\t\t\t\t\t\t\t\t\t\t\t<\/p>\n\t\t\t\t\t\t\t\t\t\t\t\t\t\t\t\t\t\t\t\t\t\t\t\t\t<div \n\t\t\t\t\t\t\t\t\t\t\t\t\tstyle=\"width:180px;\"\t\t\t\t\t\t\t\t\t\t\t\t\tclass=\"gllr_single_image_text gllr_single_image_text_under\">Und hier hat er&#039;s vollst\u00e4ndig erreicht, stolze 200.000 km!&nbsp;<\/div>\n\t\t\t\t\t\t\t\t\t\t\t\t\t\t\t\t\t\t\t\t\t\t\t<\/div><!-- .gllr_image_block -->\n\t\t\t\t\t\t\t\t\t\t\t\t\t\t\t\t\t\t\t\t\t<div class=\"gllr_image_block\">\n\t\t\t\t\t\t\t\t\t\t\t\t<p style=\"\n\t\t\t\t\t\t\t\t\t\t\t\twidth:180px;height:140px;\t\t\t\t\t\t\t\t\t\t\t\t\">\n\t\t\t\t\t\t\t\t\t\t\t\t\t\t\t\t\t\t\t\t\t\t\t\t\t\t\t\t<a data-fancybox=\"gallery_fancybox_797\" href=\"http:\/\/www.bavarian-pathfinders.de\/wp-content\/uploads\/2013\/03\/Edmund_Sektbelohnung-1024x576.jpg\" title=\"Ein Schl\u00fcckchen Sekt f\u00fcr unseren Jubilar\" >\n\t\t\t\t\t\t\t\t\t\t\t\t\t\t\t\t<img decoding=\"async\" width=&quot;160&quot; height=&quot;120&quot; style=\"width:160px; height:120px; border-width: 10px; border-color:#f1f1f1;border: 10px solid #f1f1f1\" alt=\"\" title=\"Ein Schl\u00fcckchen Sekt f\u00fcr unseren Jubilar\" src=\"http:\/\/www.bavarian-pathfinders.de\/wp-content\/uploads\/2013\/03\/Edmund_Sektbelohnung-160x120.jpg\" rel=\"http:\/\/www.bavarian-pathfinders.de\/wp-content\/uploads\/2013\/03\/Edmund_Sektbelohnung.JPG\" \/>\t\t\t\t\t\t\t\t\t\t\t\t\t\t\t<\/a>\n\t\t\t\t\t\t\t\t\t\t\t\t\t\t\t\t\t\t\t\t\t\t\t\t\t\t<\/p>\n\t\t\t\t\t\t\t\t\t\t\t\t\t\t\t\t\t\t\t\t\t\t\t\t\t<div \n\t\t\t\t\t\t\t\t\t\t\t\t\tstyle=\"width:180px;\"\t\t\t\t\t\t\t\t\t\t\t\t\tclass=\"gllr_single_image_text gllr_single_image_text_under\">Ein Schl\u00fcckchen Sekt f\u00fcr unseren Jubilar&nbsp;<\/div>\n\t\t\t\t\t\t\t\t\t\t\t\t\t\t\t\t\t\t\t\t\t\t\t<\/div><!-- .gllr_image_block -->\n\t\t\t\t\t\t\t\t\t\t\t\t\t\t\t\t\t\t\t\t\t<\/div><!-- .gllr_image_row -->\n\t\t\t\t\t\t\t\t\t\t\t\t\t\t\t\t\t\t\t\t\t\t<div class=\"gllr_image_row\">\n\t\t\t\t\t\t\t\t\t\t\t\t\t\t\t\t\t\t\t\t\t<div class=\"gllr_image_block\">\n\t\t\t\t\t\t\t\t\t\t\t\t<p style=\"\n\t\t\t\t\t\t\t\t\t\t\t\twidth:180px;height:140px;\t\t\t\t\t\t\t\t\t\t\t\t\">\n\t\t\t\t\t\t\t\t\t\t\t\t\t\t\t\t\t\t\t\t\t\t\t\t\t\t\t\t<a data-fancybox=\"gallery_fancybox_797\" href=\"http:\/\/www.bavarian-pathfinders.de\/wp-content\/uploads\/2013\/03\/Edmund_Hama_Parkplatz-1024x576.jpg\" title=\"Auch wenn das Wetter nicht mitmachen wollte, irgendwie strahlt er eben doch an seinem gro\u00dfen Tag ;)\" >\n\t\t\t\t\t\t\t\t\t\t\t\t\t\t\t\t<img decoding=\"async\" width=&quot;160&quot; height=&quot;120&quot; style=\"width:160px; height:120px; border-width: 10px; border-color:#f1f1f1;border: 10px solid #f1f1f1\" alt=\"\" title=\"Auch wenn das Wetter nicht mitmachen wollte, irgendwie strahlt er eben doch an seinem gro\u00dfen Tag ;)\" src=\"http:\/\/www.bavarian-pathfinders.de\/wp-content\/uploads\/2013\/03\/Edmund_Hama_Parkplatz-160x120.jpg\" rel=\"http:\/\/www.bavarian-pathfinders.de\/wp-content\/uploads\/2013\/03\/Edmund_Hama_Parkplatz.JPG\" \/>\t\t\t\t\t\t\t\t\t\t\t\t\t\t\t<\/a>\n\t\t\t\t\t\t\t\t\t\t\t\t\t\t\t\t\t\t\t\t\t\t\t\t\t\t<\/p>\n\t\t\t\t\t\t\t\t\t\t\t\t\t\t\t\t\t\t\t\t\t\t\t\t\t<div \n\t\t\t\t\t\t\t\t\t\t\t\t\tstyle=\"width:180px;\"\t\t\t\t\t\t\t\t\t\t\t\t\tclass=\"gllr_single_image_text gllr_single_image_text_under\">Auch wenn das Wetter nicht mitmachen wollte, irgendwie strahlt er eben doch an seinem gro\u00dfen Tag \ud83d\ude09&nbsp;<\/div>\n\t\t\t\t\t\t\t\t\t\t\t\t\t\t\t\t\t\t\t\t\t\t\t<\/div><!-- .gllr_image_block -->\n\t\t\t\t\t\t\t\t\t\t\t\t\t\t\t\t\t\t\t\t\t<div class=\"clear\"><\/div>\n\t\t\t\t\t\t\t\t\t\t<\/div><!-- .gllr_image_row -->\n\t\t\t\t\t\t\t\t\t\t\t\t\t\t\t\t\t<\/div><!-- .gallery.clearfix -->\n\t\t\t\t\t\t\t\t\t\t\t\t\t\t<\/div><!-- .gallery_box_single -->\n\t\t\t\t\t\t<div class=\"gllr_clear\"><\/div>\n\t\t\t\t\t\t\n","protected":false},"excerpt":{"rendered":"<p>Unser &#8222;Jungspund&#8220; Edmund hatte heute seinen gro\u00dfen Tag, er hat nun auch etwas zu Rudolf und Alfred aufgeschlossen&#8230; Auf seinem Kilometerz\u00e4hler steht jetzt ebenfalls die 2 ganz vorne! Ein solches Jubil\u00e4um geh\u00f6rt nat\u00fcrlich gefeiert und auch der Jubilar g\u00f6nnt sich an seinem Ehrentag ein Schl\u00fcckchen, aber seht selbst:<a class=\"read-more \" href=\"http:\/\/www.bavarian-pathfinders.de\/?gallery=edmunds-groser-tag\" title=\"Read More\"> <span class=\"button default\">Read More<\/span><\/a><\/p>\n","protected":false},"author":1,"featured_media":801,"comment_status":"open","ping_status":"open","sticky":false,"template":"","format":"standard","meta":{"jetpack_post_was_ever_published":false,"_jetpack_newsletter_access":"","_jetpack_newsletter_tier_id":0,"footnotes":"","jetpack_publicize_message":"","jetpack_is_tweetstorm":false,"jetpack_publicize_feature_enabled":true,"jetpack_social_post_already_shared":true,"jetpack_social_options":{"image_generator_settings":{"template":"highway","enabled":false}}},"categories":[6],"tags":[],"jetpack_publicize_connections":[],"jetpack_featured_media_url":"http:\/\/www.bavarian-pathfinders.de\/wp-content\/uploads\/2013\/03\/Edmund_Sektbelohnung.JPG","jetpack_sharing_enabled":true,"jetpack_shortlink":"https:\/\/wp.me\/p33xOy-cW","_links":{"self":[{"href":"http:\/\/www.bavarian-pathfinders.de\/index.php?rest_route=\/wp\/v2\/posts\/802"}],"collection":[{"href":"http:\/\/www.bavarian-pathfinders.de\/index.php?rest_route=\/wp\/v2\/posts"}],"about":[{"href":"http:\/\/www.bavarian-pathfinders.de\/index.php?rest_route=\/wp\/v2\/types\/post"}],"author":[{"embeddable":true,"href":"http:\/\/www.bavarian-pathfinders.de\/index.php?rest_route=\/wp\/v2\/users\/1"}],"replies":[{"embeddable":true,"href":"http:\/\/www.bavarian-pathfinders.de\/index.php?rest_route=%2Fwp%2Fv2%2Fcomments&post=802"}],"version-history":[{"count":7,"href":"http:\/\/www.bavarian-pathfinders.de\/index.php?rest_route=\/wp\/v2\/posts\/802\/revisions"}],"predecessor-version":[{"id":812,"href":"http:\/\/www.bavarian-pathfinders.de\/index.php?rest_route=\/wp\/v2\/posts\/802\/revisions\/812"}],"wp:featuredmedia":[{"embeddable":true,"href":"http:\/\/www.bavarian-pathfinders.de\/index.php?rest_route=\/wp\/v2\/media\/801"}],"wp:attachment":[{"href":"http:\/\/www.bavarian-pathfinders.de\/index.php?rest_route=%2Fwp%2Fv2%2Fmedia&parent=802"}],"wp:term":[{"taxonomy":"category","embeddable":true,"href":"http:\/\/www.bavarian-pathfinders.de\/index.php?rest_route=%2Fwp%2Fv2%2Fcategories&post=802"},{"taxonomy":"post_tag","embeddable":true,"href":"http:\/\/www.bavarian-pathfinders.de\/index.php?rest_route=%2Fwp%2Fv2%2Ftags&post=802"}],"curies":[{"name":"wp","href":"https:\/\/api.w.org\/{rel}","templated":true}]}}