{"id":680,"date":"2013-02-24T13:45:40","date_gmt":"2013-02-24T11:45:40","guid":{"rendered":"http:\/\/www.bavarian-pathfinders.de\/?p=680"},"modified":"2013-02-24T13:49:55","modified_gmt":"2013-02-24T11:49:55","slug":"der-weise-alfred","status":"publish","type":"post","link":"http:\/\/www.bavarian-pathfinders.de\/?p=680","title":{"rendered":"Der wei\u00dfe Alfred"},"content":{"rendered":"<p>Es hat sich etwas hingezogen, aber endlich ist es soweit: Alfred ist aus der Lackiererei zur\u00fcck und nun auch endlich wei\u00df! Auch hier gilt wieder zu sagen: H\u00fcbsch isser gwor&#8217;n! Ein gro\u00dfer Dank hier einmal mehr an die <a title=\"Autolackiererei Hollestelle\" href=\"http:\/\/www.hollestelle.de\/\">Autolackiererei Hollestelle<\/a>, die nach dem Edmund auch unserem Alfred eine tadellose Lackierung verpasst haben!<\/p>\n<p>Da wir nun keine weitere Zeit verschwenden wollen, hie\u00df es am gestrigen Samstag &#8222;Zusammenbauen&#8220;. Nicht einmal die -3 bis -4 \u00b0 C Au\u00dfentemperatur und der leichte Schneefall konnten uns davon abhalten, unseren Alfred wieder zu komplettieren. Aber mit dem &#8222;beheizten Stehtisch&#8220; von Franz und einer Probe der Kochk\u00fcnste (mit Dutch oven)\u00a0unseres Chefkochs Pit waren wir gut versorgt und konnten die meisten Arbeiten an Alfred abschlie\u00dfen. Lediglich Kleinigkeiten fehlen noch: Der kleine Motor zum \u00f6ffnen der Heckklappe ist leider defekt und muss ersetzt werden, sowie die Zierleisten m\u00fcssen noch angeklebt werden.<\/p>\n<p>Hier einmal ein paar kleine Impressionen unseres Tages:<\/p>\n<p><a href=\"http:\/\/www.bavarian-pathfinders.de\/?attachment_id=681\" rel=\"attachment wp-att-681\"><img loading=\"lazy\" decoding=\"async\" class=\"size-large wp-image-681 alignnone\" alt=\"Alfred wieder anziehen\" src=\"http:\/\/www.bavarian-pathfinders.de\/wp-content\/uploads\/2013\/02\/IMG_0180-1024x768.jpg\" width=\"550\" height=\"412\" srcset=\"http:\/\/www.bavarian-pathfinders.de\/wp-content\/uploads\/2013\/02\/IMG_0180-1024x768.jpg 1024w, http:\/\/www.bavarian-pathfinders.de\/wp-content\/uploads\/2013\/02\/IMG_0180-150x112.jpg 150w, http:\/\/www.bavarian-pathfinders.de\/wp-content\/uploads\/2013\/02\/IMG_0180-300x225.jpg 300w, http:\/\/www.bavarian-pathfinders.de\/wp-content\/uploads\/2013\/02\/IMG_0180-160x120.jpg 160w\" sizes=\"(max-width: 550px) 100vw, 550px\" \/><\/a><\/p>\n<p>Und au\u00dferdem ein sch\u00f6ner Anblick, Edmund und Alfred direkt nebeneinander \ud83d\ude09<\/p>\n<p><a href=\"http:\/\/www.bavarian-pathfinders.de\/?attachment_id=682\" rel=\"attachment wp-att-682\"><img loading=\"lazy\" decoding=\"async\" class=\"size-large wp-image-682 alignnone\" alt=\"Alfred und Edmund\" src=\"http:\/\/www.bavarian-pathfinders.de\/wp-content\/uploads\/2013\/02\/IMG_0183-1024x773.jpg\" width=\"550\" height=\"415\" srcset=\"http:\/\/www.bavarian-pathfinders.de\/wp-content\/uploads\/2013\/02\/IMG_0183-1024x773.jpg 1024w, http:\/\/www.bavarian-pathfinders.de\/wp-content\/uploads\/2013\/02\/IMG_0183-150x113.jpg 150w, http:\/\/www.bavarian-pathfinders.de\/wp-content\/uploads\/2013\/02\/IMG_0183-300x226.jpg 300w, http:\/\/www.bavarian-pathfinders.de\/wp-content\/uploads\/2013\/02\/IMG_0183-160x120.jpg 160w\" sizes=\"(max-width: 550px) 100vw, 550px\" \/><\/a><\/p>\n","protected":false},"excerpt":{"rendered":"<p>Es hat sich etwas hingezogen, aber endlich ist es soweit: Alfred ist aus der Lackiererei zur\u00fcck und nun auch endlich wei\u00df! Auch hier gilt wieder zu sagen: H\u00fcbsch isser gwor&#8217;n! Ein gro\u00dfer Dank hier einmal mehr an die Autolackiererei Hollestelle, die nach dem Edmund auch unserem Alfred eine tadellose Lackierung verpasst haben! Da wir nun<a class=\"read-more \" href=\"http:\/\/www.bavarian-pathfinders.de\/?p=680\" title=\"Read More\"> <span class=\"button default\">Read More<\/span><\/a><\/p>\n","protected":false},"author":1,"featured_media":682,"comment_status":"open","ping_status":"open","sticky":false,"template":"","format":"standard","meta":{"jetpack_post_was_ever_published":false,"_jetpack_newsletter_access":"","_jetpack_newsletter_tier_id":0,"footnotes":"","jetpack_publicize_message":"","jetpack_is_tweetstorm":false,"jetpack_publicize_feature_enabled":true,"jetpack_social_post_already_shared":true,"jetpack_social_options":{"image_generator_settings":{"template":"highway","enabled":false}}},"categories":[6],"tags":[],"jetpack_publicize_connections":[],"jetpack_featured_media_url":"http:\/\/www.bavarian-pathfinders.de\/wp-content\/uploads\/2013\/02\/IMG_0183.jpg","jetpack_sharing_enabled":true,"jetpack_shortlink":"https:\/\/wp.me\/p33xOy-aY","_links":{"self":[{"href":"http:\/\/www.bavarian-pathfinders.de\/index.php?rest_route=\/wp\/v2\/posts\/680"}],"collection":[{"href":"http:\/\/www.bavarian-pathfinders.de\/index.php?rest_route=\/wp\/v2\/posts"}],"about":[{"href":"http:\/\/www.bavarian-pathfinders.de\/index.php?rest_route=\/wp\/v2\/types\/post"}],"author":[{"embeddable":true,"href":"http:\/\/www.bavarian-pathfinders.de\/index.php?rest_route=\/wp\/v2\/users\/1"}],"replies":[{"embeddable":true,"href":"http:\/\/www.bavarian-pathfinders.de\/index.php?rest_route=%2Fwp%2Fv2%2Fcomments&post=680"}],"version-history":[{"count":5,"href":"http:\/\/www.bavarian-pathfinders.de\/index.php?rest_route=\/wp\/v2\/posts\/680\/revisions"}],"predecessor-version":[{"id":687,"href":"http:\/\/www.bavarian-pathfinders.de\/index.php?rest_route=\/wp\/v2\/posts\/680\/revisions\/687"}],"wp:featuredmedia":[{"embeddable":true,"href":"http:\/\/www.bavarian-pathfinders.de\/index.php?rest_route=\/wp\/v2\/media\/682"}],"wp:attachment":[{"href":"http:\/\/www.bavarian-pathfinders.de\/index.php?rest_route=%2Fwp%2Fv2%2Fmedia&parent=680"}],"wp:term":[{"taxonomy":"category","embeddable":true,"href":"http:\/\/www.bavarian-pathfinders.de\/index.php?rest_route=%2Fwp%2Fv2%2Fcategories&post=680"},{"taxonomy":"post_tag","embeddable":true,"href":"http:\/\/www.bavarian-pathfinders.de\/index.php?rest_route=%2Fwp%2Fv2%2Ftags&post=680"}],"curies":[{"name":"wp","href":"https:\/\/api.w.org\/{rel}","templated":true}]}}