{"id":297,"date":"2012-08-31T07:51:32","date_gmt":"2012-08-31T05:51:32","guid":{"rendered":"http:\/\/www.bavarian-pathfinders.de\/?p=297"},"modified":"2012-08-31T07:53:52","modified_gmt":"2012-08-31T05:53:52","slug":"teammitglied-matze-startet-bei-mofarennen","status":"publish","type":"post","link":"http:\/\/www.bavarian-pathfinders.de\/?p=297","title":{"rendered":"Teammitglied &#8222;Matze&#8220; startet bei Mofarennen"},"content":{"rendered":"<p>Am 1.09.2012 startet unser Teammitglied Klaus &#8222;Matze&#8220; W\u00fcnsch mit seinem Mofarennteam JKM-Racing*, beim Rennen in Seitenthal, bei Speinshart. Infos unter: <a href=\"http:\/\/www.mafia-racing.de\/\">www.mafia-racing.de<\/a><\/p>\n<p>(*)JKM-Racing:\u00a0 <span style=\"text-decoration: underline;\">J<\/span>\u00fcrgen Schneider, <span style=\"text-decoration: underline;\">K<\/span>laus W\u00fcnsch, <span style=\"text-decoration: underline;\">M<\/span>ax W\u00fcnsch<\/p>\n","protected":false},"excerpt":{"rendered":"<p>Am 1.09.2012 startet unser Teammitglied Klaus &#8222;Matze&#8220; W\u00fcnsch mit seinem Mofarennteam JKM-Racing*, beim Rennen in Seitenthal, bei Speinshart. Infos unter: www.mafia-racing.de (*)JKM-Racing:\u00a0 J\u00fcrgen Schneider, Klaus W\u00fcnsch, Max W\u00fcnsch<a class=\"read-more \" href=\"http:\/\/www.bavarian-pathfinders.de\/?p=297\" title=\"Read More\"> <span class=\"button default\">Read More<\/span><\/a><\/p>\n","protected":false},"author":2,"featured_media":0,"comment_status":"open","ping_status":"open","sticky":false,"template":"","format":"standard","meta":{"jetpack_post_was_ever_published":false,"_jetpack_newsletter_access":"","_jetpack_newsletter_tier_id":0,"footnotes":"","jetpack_publicize_message":"","jetpack_is_tweetstorm":false,"jetpack_publicize_feature_enabled":true,"jetpack_social_post_already_shared":false,"jetpack_social_options":{"image_generator_settings":{"template":"highway","enabled":false}}},"categories":[6],"tags":[],"jetpack_publicize_connections":[],"jetpack_featured_media_url":"","jetpack_sharing_enabled":true,"jetpack_shortlink":"https:\/\/wp.me\/p33xOy-4N","_links":{"self":[{"href":"http:\/\/www.bavarian-pathfinders.de\/index.php?rest_route=\/wp\/v2\/posts\/297"}],"collection":[{"href":"http:\/\/www.bavarian-pathfinders.de\/index.php?rest_route=\/wp\/v2\/posts"}],"about":[{"href":"http:\/\/www.bavarian-pathfinders.de\/index.php?rest_route=\/wp\/v2\/types\/post"}],"author":[{"embeddable":true,"href":"http:\/\/www.bavarian-pathfinders.de\/index.php?rest_route=\/wp\/v2\/users\/2"}],"replies":[{"embeddable":true,"href":"http:\/\/www.bavarian-pathfinders.de\/index.php?rest_route=%2Fwp%2Fv2%2Fcomments&post=297"}],"version-history":[{"count":4,"href":"http:\/\/www.bavarian-pathfinders.de\/index.php?rest_route=\/wp\/v2\/posts\/297\/revisions"}],"predecessor-version":[{"id":301,"href":"http:\/\/www.bavarian-pathfinders.de\/index.php?rest_route=\/wp\/v2\/posts\/297\/revisions\/301"}],"wp:attachment":[{"href":"http:\/\/www.bavarian-pathfinders.de\/index.php?rest_route=%2Fwp%2Fv2%2Fmedia&parent=297"}],"wp:term":[{"taxonomy":"category","embeddable":true,"href":"http:\/\/www.bavarian-pathfinders.de\/index.php?rest_route=%2Fwp%2Fv2%2Fcategories&post=297"},{"taxonomy":"post_tag","embeddable":true,"href":"http:\/\/www.bavarian-pathfinders.de\/index.php?rest_route=%2Fwp%2Fv2%2Ftags&post=297"}],"curies":[{"name":"wp","href":"https:\/\/api.w.org\/{rel}","templated":true}]}}