{"id":1576,"date":"2017-08-08T07:42:17","date_gmt":"2017-08-08T05:42:17","guid":{"rendered":"http:\/\/www.bavarian-pathfinders.de\/?p=1576"},"modified":"2017-08-08T09:27:21","modified_gmt":"2017-08-08T07:27:21","slug":"ueberraschung-eine-neue-rallye-und-das-noch-2017","status":"publish","type":"post","link":"http:\/\/www.bavarian-pathfinders.de\/?p=1576","title":{"rendered":"\u00dcBERRASCHUNG: Eine neue Rallye, und das noch 2017!"},"content":{"rendered":"<p>Es ist eigentlich noch gar nicht so lange her, dass wir von der letzten Rallye zur\u00fcckgekommen sind. Na gut, auch schon wieder \u00fcber ein Jahr. Aber egal, wie man uns kennt, hat uns schon kurz nach der R\u00fcckkehr wieder das Fernweh und vor allem das Rallye-Fieber gepackt. Wir hatten noch nicht mal richtig ausgeladen bzw. ausgepackt, da schwirrte schon der Gedanke an die n\u00e4chste Rallye in unseren K\u00f6pfen. Und was sich einmal in den K\u00f6pfen festgesetzt hat&#8230;<\/p>\n<p>Somit war die erste Saat gelegt, wurde flei\u00dfig mit Erinnerungsfotos und Anekdoten der letzten Rallye gegossen, und gedeihte still und leise vor sich hin. Ausl\u00f6ser, die Saat zu ernten, gaben letztendlich private Gro\u00dfbaustellen bei einigen Team-Mitgliedern. Und so war es diesmal unser Komb\u00fcsen-Team, Chef-Koch Pit und seine First-Lady Birgit, die sich spontan nach einem Heizungskomplettumbau f\u00fcr einen Urlaub 2017 entschieden. Nat\u00fcrlich nicht f\u00fcr irgendeinen, sondern f\u00fcr die n\u00e4chste Abenteuer-Rallye. Kaum angemeldet wurde das nat\u00fcrlich auch in der internen WhatsApp Gruppe, vielleicht mit einem kleinen h\u00e4mischen Unterton, kundgetan, und auf die noch offene Anmeldung verwiesen. W\u00e4hrend unser Teamchef dankend ablehnen musste, schaltete unser Navigator Slash schon beim Lesen der WhatsApp Nachricht in den Rallye-Modus. Ebenfalls geplagt von einer l\u00e4ngeren Baustelle, wurde die private Terminlage gecheckt und als alles klar war, fehlte nur noch der zweite Mann im Auto. Eine kurze E-Mail ans &#8222;\u00c4pfele&#8220; sp\u00e4ter, war auch der schon wieder angefixt, auch wenn f\u00fcr das Jahr 2017 eigentlich keine Rallye mehr in Dirks B\u00fcchle stand. Trotzdem lie\u00df die Zusage nicht lange auf sich warten, und so war es beschlossene Sache: Die Bavarian Pathfinders gehen noch im Fr\u00fch-Herbst 2017 auf Ihre n\u00e4chste Rallye:<\/p>\n<p style=\"text-align: center;\"><a href=\"http:\/\/www.bavarian-pathfinders.de\/?page_id=1568\"><img loading=\"lazy\" decoding=\"async\" class=\"aligncenter wp-image-1570\" src=\"http:\/\/www.bavarian-pathfinders.de\/wp-content\/uploads\/2017\/08\/Map_1196x924px.png\" alt=\"\" width=\"400\" height=\"297\" \/><\/a><\/p>\n<p style=\"text-align: center;\"><a class=\"btn btn-primary  btn-large\" href=\"http:\/\/www.bavarian-pathfinders.de\/?page_id=1568\"><i class=\"fa fa-external-link\"><\/i> <strong>The European 5000 Rallye<\/strong><\/a>\n","protected":false},"excerpt":{"rendered":"<p>Es ist eigentlich noch gar nicht so lange her, dass wir von der letzten Rallye zur\u00fcckgekommen sind. Na gut, auch schon wieder \u00fcber ein Jahr. Aber egal, wie man uns kennt, hat uns schon kurz nach der R\u00fcckkehr wieder das Fernweh und vor allem das Rallye-Fieber gepackt. Wir hatten noch nicht mal richtig ausgeladen bzw.<a class=\"read-more \" href=\"http:\/\/www.bavarian-pathfinders.de\/?p=1576\" title=\"Read More\"> <span class=\"button default\">Read More<\/span><\/a><\/p>\n","protected":false},"author":1,"featured_media":1585,"comment_status":"open","ping_status":"open","sticky":false,"template":"","format":"standard","meta":{"jetpack_post_was_ever_published":false,"_jetpack_newsletter_access":"","_jetpack_newsletter_tier_id":0,"footnotes":"","jetpack_publicize_message":"","jetpack_is_tweetstorm":false,"jetpack_publicize_feature_enabled":true,"jetpack_social_post_already_shared":true,"jetpack_social_options":{"image_generator_settings":{"template":"highway","enabled":false}}},"categories":[1,12],"tags":[],"jetpack_publicize_connections":[],"jetpack_featured_media_url":"http:\/\/www.bavarian-pathfinders.de\/wp-content\/uploads\/2017\/08\/European5000_v5.png","jetpack_sharing_enabled":true,"jetpack_shortlink":"https:\/\/wp.me\/p33xOy-pq","_links":{"self":[{"href":"http:\/\/www.bavarian-pathfinders.de\/index.php?rest_route=\/wp\/v2\/posts\/1576"}],"collection":[{"href":"http:\/\/www.bavarian-pathfinders.de\/index.php?rest_route=\/wp\/v2\/posts"}],"about":[{"href":"http:\/\/www.bavarian-pathfinders.de\/index.php?rest_route=\/wp\/v2\/types\/post"}],"author":[{"embeddable":true,"href":"http:\/\/www.bavarian-pathfinders.de\/index.php?rest_route=\/wp\/v2\/users\/1"}],"replies":[{"embeddable":true,"href":"http:\/\/www.bavarian-pathfinders.de\/index.php?rest_route=%2Fwp%2Fv2%2Fcomments&post=1576"}],"version-history":[{"count":16,"href":"http:\/\/www.bavarian-pathfinders.de\/index.php?rest_route=\/wp\/v2\/posts\/1576\/revisions"}],"predecessor-version":[{"id":1595,"href":"http:\/\/www.bavarian-pathfinders.de\/index.php?rest_route=\/wp\/v2\/posts\/1576\/revisions\/1595"}],"wp:featuredmedia":[{"embeddable":true,"href":"http:\/\/www.bavarian-pathfinders.de\/index.php?rest_route=\/wp\/v2\/media\/1585"}],"wp:attachment":[{"href":"http:\/\/www.bavarian-pathfinders.de\/index.php?rest_route=%2Fwp%2Fv2%2Fmedia&parent=1576"}],"wp:term":[{"taxonomy":"category","embeddable":true,"href":"http:\/\/www.bavarian-pathfinders.de\/index.php?rest_route=%2Fwp%2Fv2%2Fcategories&post=1576"},{"taxonomy":"post_tag","embeddable":true,"href":"http:\/\/www.bavarian-pathfinders.de\/index.php?rest_route=%2Fwp%2Fv2%2Ftags&post=1576"}],"curies":[{"name":"wp","href":"https:\/\/api.w.org\/{rel}","templated":true}]}}