{"id":1336,"date":"2016-04-29T15:24:21","date_gmt":"2016-04-29T13:24:21","guid":{"rendered":"http:\/\/www.bavarian-pathfinders.de\/?p=1336"},"modified":"2016-04-29T15:26:15","modified_gmt":"2016-04-29T13:26:15","slug":"noch-7-wochen-bis-zum-start","status":"publish","type":"post","link":"http:\/\/www.bavarian-pathfinders.de\/?p=1336","title":{"rendered":"Noch 7 Wochen bis zum Start!"},"content":{"rendered":"<p>&#8222;Wir sind mitten in den Vorbereitungen und es l\u00e4uft!\u201c So in etwa w\u00e4re wohl die Antwort auf die Frage, was sich gerade in Sachen Bavarian Pathfinders tut.<\/p>\n<p>Obwohl, &#8211; die h\u00e4ufigste Frage, die wir gestellt bekommen ist tats\u00e4chlich: \u201ewann geht\u2019s denn los?\u201c Deswegen hier nochmal die Antwort: Der Start ist am <strong>Samstag, den 18. Juni<\/strong> in Hamburg!<\/p>\n<p>Eine Abenteuer-Rallye ist eben kein Pauschal-Urlaub und so stecken wir seit der Anmeldung zum BSC 2016 einen Gro\u00dfteil unserer Zeit in die Vorbereitungen daf\u00fcr. Vor allem die Autos haben uns einige Tropfen Schwei\u00df und auch Blut gekostet. Bei unserem einzigen Allrad-Fahrzeug \u201ePaul\u201c war sogar eine Herz-Transplantation notwendig, die aber ohne gr\u00f6\u00dfere Komplikationen verlief. Mittlerweile haben wir aber drei fahrbereite 5\u2019er BMW Touring. Jetzt geht es letztendlich &#8222;nur noch&#8220; an die Feinheiten. Gerade heute\u00a0bekommen alle drei\u00a0Rallye-Fahrzeuge\u00a0neue Reifen, damit auch die Bodenhaftung rund um die Ostsee nicht zu w\u00fcnschen \u00fcbrig l\u00e4sst.<\/p>\n<p><a href=\"http:\/\/www.bavarian-pathfinders.de\/wp-content\/uploads\/2016\/04\/20160214045927.jpg\"><img loading=\"lazy\" decoding=\"async\" class=\"aligncenter wp-image-1339 size-large\" src=\"http:\/\/www.bavarian-pathfinders.de\/wp-content\/uploads\/2016\/04\/20160214045927-449x304.jpg\" alt=\"20160214045927\" width=\"449\" height=\"304\" srcset=\"http:\/\/www.bavarian-pathfinders.de\/wp-content\/uploads\/2016\/04\/20160214045927-449x304.jpg 449w, http:\/\/www.bavarian-pathfinders.de\/wp-content\/uploads\/2016\/04\/20160214045927-120x80.jpg 120w\" sizes=\"(max-width: 449px) 100vw, 449px\" \/><\/a><\/p>\n<p>In den letzten Wochen haben wir &#8222;Hartmut&#8220;, &#8222;Max&#8220; und &#8222;Paul&#8220;\u00a0dazu noch ein Team-Outfit verpasst, so dass wir wie gehabt unter gemeinsamer Flagge (wei\u00df-blau nat\u00fcrlich!) fahren k\u00f6nnen. Au\u00dferdem wurden vom Organisationskomitee nun auch die offiziellen Rallye-Aufkleber auf den Weg geschickt, so dass unsere Autos nun mehr und mehr auch wie echte Rallye-Autos aussehen.<\/p>\n<p><a href=\"http:\/\/www.bavarian-pathfinders.de\/wp-content\/uploads\/2016\/04\/Foto-17.04.16-15-36-07.jpg\"><img loading=\"lazy\" decoding=\"async\" class=\"aligncenter wp-image-1341 size-large\" src=\"http:\/\/www.bavarian-pathfinders.de\/wp-content\/uploads\/2016\/04\/Foto-17.04.16-15-36-07-449x304.jpg\" alt=\"Foto 17.04.16, 15 36 07\" width=\"449\" height=\"304\" srcset=\"http:\/\/www.bavarian-pathfinders.de\/wp-content\/uploads\/2016\/04\/Foto-17.04.16-15-36-07-449x304.jpg 449w, http:\/\/www.bavarian-pathfinders.de\/wp-content\/uploads\/2016\/04\/Foto-17.04.16-15-36-07-120x80.jpg 120w\" sizes=\"(max-width: 449px) 100vw, 449px\" \/><\/a><\/p>\n<p>Und damit wir selbst schon mal wieder etwas Rallye-Luft schnuppern k\u00f6nnen, geht es am morgigen Samstag, mit allen 3 BMW&#8217;s und dem kompletten Team nach Oberstaufen zum Start der Allg\u00e4u-Orient-Rallye! Vielleicht schmuggeln wir uns einfach mal in die Startaufstellung \ud83d\ude09<\/p>\n","protected":false},"excerpt":{"rendered":"<p>&#8222;Wir sind mitten in den Vorbereitungen und es l\u00e4uft!\u201c So in etwa w\u00e4re wohl die Antwort auf die Frage, was sich gerade in Sachen Bavarian Pathfinders tut. Obwohl, &#8211; die h\u00e4ufigste Frage, die wir gestellt bekommen ist tats\u00e4chlich: \u201ewann geht\u2019s denn los?\u201c Deswegen hier nochmal die Antwort: Der Start ist am Samstag, den 18. Juni<a class=\"read-more \" href=\"http:\/\/www.bavarian-pathfinders.de\/?p=1336\" title=\"Read More\"> <span class=\"button default\">Read More<\/span><\/a><\/p>\n","protected":false},"author":1,"featured_media":1340,"comment_status":"open","ping_status":"open","sticky":false,"template":"","format":"standard","meta":{"jetpack_post_was_ever_published":false,"_jetpack_newsletter_access":"","_jetpack_newsletter_tier_id":0,"footnotes":"","jetpack_publicize_message":"","jetpack_is_tweetstorm":false,"jetpack_publicize_feature_enabled":true,"jetpack_social_post_already_shared":true,"jetpack_social_options":{"image_generator_settings":{"template":"highway","enabled":false}}},"categories":[9],"tags":[],"jetpack_publicize_connections":[],"jetpack_featured_media_url":"http:\/\/www.bavarian-pathfinders.de\/wp-content\/uploads\/2016\/04\/Foto-27.02.16-11-48-26-e1461935505334.jpg","jetpack_sharing_enabled":true,"jetpack_shortlink":"https:\/\/wp.me\/p33xOy-ly","_links":{"self":[{"href":"http:\/\/www.bavarian-pathfinders.de\/index.php?rest_route=\/wp\/v2\/posts\/1336"}],"collection":[{"href":"http:\/\/www.bavarian-pathfinders.de\/index.php?rest_route=\/wp\/v2\/posts"}],"about":[{"href":"http:\/\/www.bavarian-pathfinders.de\/index.php?rest_route=\/wp\/v2\/types\/post"}],"author":[{"embeddable":true,"href":"http:\/\/www.bavarian-pathfinders.de\/index.php?rest_route=\/wp\/v2\/users\/1"}],"replies":[{"embeddable":true,"href":"http:\/\/www.bavarian-pathfinders.de\/index.php?rest_route=%2Fwp%2Fv2%2Fcomments&post=1336"}],"version-history":[{"count":12,"href":"http:\/\/www.bavarian-pathfinders.de\/index.php?rest_route=\/wp\/v2\/posts\/1336\/revisions"}],"predecessor-version":[{"id":1351,"href":"http:\/\/www.bavarian-pathfinders.de\/index.php?rest_route=\/wp\/v2\/posts\/1336\/revisions\/1351"}],"wp:featuredmedia":[{"embeddable":true,"href":"http:\/\/www.bavarian-pathfinders.de\/index.php?rest_route=\/wp\/v2\/media\/1340"}],"wp:attachment":[{"href":"http:\/\/www.bavarian-pathfinders.de\/index.php?rest_route=%2Fwp%2Fv2%2Fmedia&parent=1336"}],"wp:term":[{"taxonomy":"category","embeddable":true,"href":"http:\/\/www.bavarian-pathfinders.de\/index.php?rest_route=%2Fwp%2Fv2%2Fcategories&post=1336"},{"taxonomy":"post_tag","embeddable":true,"href":"http:\/\/www.bavarian-pathfinders.de\/index.php?rest_route=%2Fwp%2Fv2%2Ftags&post=1336"}],"curies":[{"name":"wp","href":"https:\/\/api.w.org\/{rel}","templated":true}]}}